{"id":1268,"date":"2022-08-09T15:55:44","date_gmt":"2022-08-09T12:55:44","guid":{"rendered":"http:\/\/anemontrekking.com\/?p=1268"},"modified":"2022-08-22T18:38:52","modified_gmt":"2022-08-22T15:38:52","slug":"manisadan-rize-cayeli-8-dagcilik-senligine-katildik","status":"publish","type":"post","link":"https:\/\/anemontrekking.com\/?p=1268","title":{"rendered":"MAN\u0130SA&#8217;DAN R\u0130ZE \u00c7AYEL\u0130 8.DA\u011eCILIK \u015eENL\u0130\u011e\u0130NE KATILDIK"},"content":{"rendered":"\n<figure class=\"wp-block-image size-large\"><img loading=\"lazy\" decoding=\"async\" width=\"1024\" height=\"471\" src=\"http:\/\/anemontrekking.com\/wp-content\/uploads\/2022\/08\/image-1024x471.png\" alt=\"\" class=\"wp-image-1269\" srcset=\"https:\/\/anemontrekking.com\/wp-content\/uploads\/2022\/08\/image-1024x471.png 1024w, https:\/\/anemontrekking.com\/wp-content\/uploads\/2022\/08\/image-300x138.png 300w, https:\/\/anemontrekking.com\/wp-content\/uploads\/2022\/08\/image-768x353.png 768w, https:\/\/anemontrekking.com\/wp-content\/uploads\/2022\/08\/image-1536x707.png 1536w, https:\/\/anemontrekking.com\/wp-content\/uploads\/2022\/08\/image.png 2048w\" sizes=\"auto, (max-width: 1024px) 100vw, 1024px\" \/><\/figure>\n\n\n\n<p>3-7 A\u011fustos 2022 tarihleri aras\u0131nda d\u00fczenlenen 8.\u00c7ayeli Da\u011fc\u0131l\u0131k \u015eenli\u011fine 1 A\u011fustos 2022 tarihinde saat 12:00&#8217;de Manisa&#8217;dan yola \u00e7\u0131karak 2 A\u011fustos 2022 gece 22:00&#8217;de Rize&#8217;nin \u00c7ayeli il\u00e7esine ula\u015ft\u0131k.<\/p>\n\n\n\n<div class=\"wp-block-columns is-layout-flex wp-container-core-columns-is-layout-9d6595d7 wp-block-columns-is-layout-flex\">\n<div class=\"wp-block-column is-layout-flow wp-block-column-is-layout-flow\">\n<figure class=\"wp-block-image size-large\"><a href=\"http:\/\/anemontrekking.com\/wp-content\/uploads\/2022\/08\/297125300_10159507691774652_4536419975455286463_n.jpg\"><img loading=\"lazy\" decoding=\"async\" width=\"1024\" height=\"768\" src=\"http:\/\/anemontrekking.com\/wp-content\/uploads\/2022\/08\/297125300_10159507691774652_4536419975455286463_n-1024x768.jpg\" alt=\"\" class=\"wp-image-1276\" srcset=\"https:\/\/anemontrekking.com\/wp-content\/uploads\/2022\/08\/297125300_10159507691774652_4536419975455286463_n-1024x768.jpg 1024w, https:\/\/anemontrekking.com\/wp-content\/uploads\/2022\/08\/297125300_10159507691774652_4536419975455286463_n-300x225.jpg 300w, https:\/\/anemontrekking.com\/wp-content\/uploads\/2022\/08\/297125300_10159507691774652_4536419975455286463_n-768x576.jpg 768w, https:\/\/anemontrekking.com\/wp-content\/uploads\/2022\/08\/297125300_10159507691774652_4536419975455286463_n-1536x1152.jpg 1536w, https:\/\/anemontrekking.com\/wp-content\/uploads\/2022\/08\/297125300_10159507691774652_4536419975455286463_n.jpg 2048w\" sizes=\"auto, (max-width: 1024px) 100vw, 1024px\" \/><\/a><\/figure>\n<\/div>\n\n\n\n<div class=\"wp-block-column is-layout-flow wp-block-column-is-layout-flow\">\n<figure class=\"wp-block-image size-large\"><a href=\"http:\/\/anemontrekking.com\/wp-content\/uploads\/2022\/08\/image-1.png\"><img loading=\"lazy\" decoding=\"async\" width=\"1024\" height=\"768\" src=\"http:\/\/anemontrekking.com\/wp-content\/uploads\/2022\/08\/image-1-1024x768.png\" alt=\"\" class=\"wp-image-1277\" srcset=\"https:\/\/anemontrekking.com\/wp-content\/uploads\/2022\/08\/image-1-1024x768.png 1024w, https:\/\/anemontrekking.com\/wp-content\/uploads\/2022\/08\/image-1-300x225.png 300w, https:\/\/anemontrekking.com\/wp-content\/uploads\/2022\/08\/image-1-768x576.png 768w, https:\/\/anemontrekking.com\/wp-content\/uploads\/2022\/08\/image-1-1536x1152.png 1536w, https:\/\/anemontrekking.com\/wp-content\/uploads\/2022\/08\/image-1.png 2048w\" sizes=\"auto, (max-width: 1024px) 100vw, 1024px\" \/><\/a><\/figure>\n<\/div>\n\n\n\n<div class=\"wp-block-column is-layout-flow wp-block-column-is-layout-flow\">\n<figure class=\"wp-block-image size-large\"><a href=\"http:\/\/anemontrekking.com\/wp-content\/uploads\/2022\/08\/image-2.png\"><img loading=\"lazy\" decoding=\"async\" width=\"1024\" height=\"768\" src=\"http:\/\/anemontrekking.com\/wp-content\/uploads\/2022\/08\/image-2-1024x768.png\" alt=\"\" class=\"wp-image-1278\" srcset=\"https:\/\/anemontrekking.com\/wp-content\/uploads\/2022\/08\/image-2-1024x768.png 1024w, https:\/\/anemontrekking.com\/wp-content\/uploads\/2022\/08\/image-2-300x225.png 300w, https:\/\/anemontrekking.com\/wp-content\/uploads\/2022\/08\/image-2-768x576.png 768w, https:\/\/anemontrekking.com\/wp-content\/uploads\/2022\/08\/image-2-1536x1152.png 1536w, https:\/\/anemontrekking.com\/wp-content\/uploads\/2022\/08\/image-2.png 2048w\" sizes=\"auto, (max-width: 1024px) 100vw, 1024px\" \/><\/a><\/figure>\n<\/div>\n<\/div>\n\n\n\n<p>3 A\u011fustos 2022 \u00c7ar\u015famba<\/p>\n\n\n\n<p>Saat 10:00&#8217;da kamp y\u00fck\u00fcn\u00fc kamyona y\u00fckledikten sonra \u00f6\u011fle yeme\u011fi yiyerek minib\u00fcsler ile Ka\u00e7kar Da\u011flar\u0131 Milli Park\u0131 i\u00e7indeki Yukar\u0131 Kavrun Yaylas\u0131na ula\u015ft\u0131k. Kamyonlardan e\u015fyalar\u0131m\u0131z\u0131 indirdikten sonra kamp y\u00fck\u00fcm\u00fcz ile Mezovit \u00d6k\u00fcz Yata\u011f\u0131 Yaylas\u0131na y\u00fcr\u00fcyerek y\u00fckseldik. \u00c7ad\u0131rlar\u0131m\u0131z\u0131 kurduktan sonra dinlenmeye \u00e7ekildik.<\/p>\n\n\n\n<div class=\"wp-block-columns is-layout-flex wp-container-core-columns-is-layout-9d6595d7 wp-block-columns-is-layout-flex\">\n<div class=\"wp-block-column is-layout-flow wp-block-column-is-layout-flow\">\n<figure class=\"wp-block-image size-large\"><img loading=\"lazy\" decoding=\"async\" width=\"1024\" height=\"768\" src=\"http:\/\/anemontrekking.com\/wp-content\/uploads\/2022\/08\/image-6-1024x768.png\" alt=\"\" class=\"wp-image-1285\" srcset=\"https:\/\/anemontrekking.com\/wp-content\/uploads\/2022\/08\/image-6-1024x768.png 1024w, https:\/\/anemontrekking.com\/wp-content\/uploads\/2022\/08\/image-6-300x225.png 300w, https:\/\/anemontrekking.com\/wp-content\/uploads\/2022\/08\/image-6-768x576.png 768w, https:\/\/anemontrekking.com\/wp-content\/uploads\/2022\/08\/image-6.png 2048w\" sizes=\"auto, (max-width: 1024px) 100vw, 1024px\" \/><\/figure>\n<\/div>\n\n\n\n<div class=\"wp-block-column is-layout-flow wp-block-column-is-layout-flow\">\n<figure class=\"wp-block-image size-large\"><img loading=\"lazy\" decoding=\"async\" width=\"1024\" height=\"768\" src=\"http:\/\/anemontrekking.com\/wp-content\/uploads\/2022\/08\/image-4-1024x768.png\" alt=\"\" class=\"wp-image-1282\" srcset=\"https:\/\/anemontrekking.com\/wp-content\/uploads\/2022\/08\/image-4-1024x768.png 1024w, https:\/\/anemontrekking.com\/wp-content\/uploads\/2022\/08\/image-4-300x225.png 300w, https:\/\/anemontrekking.com\/wp-content\/uploads\/2022\/08\/image-4-768x576.png 768w, https:\/\/anemontrekking.com\/wp-content\/uploads\/2022\/08\/image-4.png 2048w\" sizes=\"auto, (max-width: 1024px) 100vw, 1024px\" \/><\/figure>\n<\/div>\n\n\n\n<div class=\"wp-block-column is-layout-flow wp-block-column-is-layout-flow\">\n<figure class=\"wp-block-image size-large\"><img loading=\"lazy\" decoding=\"async\" width=\"1024\" height=\"768\" src=\"http:\/\/anemontrekking.com\/wp-content\/uploads\/2022\/08\/image-8-1024x768.png\" alt=\"\" class=\"wp-image-1287\" srcset=\"https:\/\/anemontrekking.com\/wp-content\/uploads\/2022\/08\/image-8-1024x768.png 1024w, https:\/\/anemontrekking.com\/wp-content\/uploads\/2022\/08\/image-8-300x225.png 300w, https:\/\/anemontrekking.com\/wp-content\/uploads\/2022\/08\/image-8-768x576.png 768w, https:\/\/anemontrekking.com\/wp-content\/uploads\/2022\/08\/image-8.png 2048w\" sizes=\"auto, (max-width: 1024px) 100vw, 1024px\" \/><\/figure>\n<\/div>\n<\/div>\n\n\n\n<p>4 A\u011fustos 2022 Per\u015fembe<\/p>\n\n\n\n<p>B\u00fcy\u00fck Ka\u00e7kar Zirvesine t\u0131rmanmak isteyenler saat 05:00&#8217;de klasik kuzey rotas\u0131ndan Ka\u00e7kar Da\u011f\u0131 Zirvesine do\u011fru hareket etti. Kampta kalanlar b\u00f6lgedeki g\u00f6lleri gezdi. Zirveye gidenler saat 10:30&#8217;da zirveye ula\u015ft\u0131. Daha sonra ayn\u0131 g\u00fczergahtan ini\u015fe ge\u00e7erek b\u00fct\u00fcn kat\u0131l\u0131mc\u0131lar saat 16:00&#8217;da kampa ula\u015ft\u0131 ve dinlenmeye \u00e7ekildi.<\/p>\n\n\n\n<div class=\"wp-block-columns is-layout-flex wp-container-core-columns-is-layout-9d6595d7 wp-block-columns-is-layout-flex\">\n<div class=\"wp-block-column is-layout-flow wp-block-column-is-layout-flow\">\n<p><\/p>\n<\/div>\n\n\n\n<div class=\"wp-block-column is-layout-flow wp-block-column-is-layout-flow\">\n<p><\/p>\n<\/div>\n\n\n\n<div class=\"wp-block-column is-layout-flow wp-block-column-is-layout-flow\">\n<p><\/p>\n<\/div>\n<\/div>\n\n\n\n<p>5 A\u011fustos 2022 Cuma<\/p>\n\n\n\n<p>Sabah erken saatte kalkarak kahvalt\u0131lar\u0131m\u0131z\u0131 yapt\u0131ktan sonra \u00e7ad\u0131rlar\u0131m\u0131z\u0131 toplayarak saat 10:00&#8217;da Yukar\u0131 Kavrun Yaylas\u0131na do\u011fru kamp y\u00fck\u00fcm\u00fcz ile ini\u015fe ge\u00e7tik. Yukar\u0131 Kavrun Yaylas\u0131nda kamp y\u00fck\u00fcm\u00fcz\u00fc kamyona vererek Samistal Yaylas\u0131na do\u011fru stabilize yoldan y\u00fcr\u00fcy\u00fc\u015fe ge\u00e7tik. Samistal Yaylas\u0131na hafif ya\u011f\u0131\u015fl\u0131 bir havada ula\u015farak kamyondan kamp e\u015fyalar\u0131m\u0131z\u0131 indirerek kurduk ve dinlenmeye \u00e7ekildik.<\/p>\n\n\n\n<p>6 A\u011fustos 2022 Cumartesi<\/p>\n\n\n\n<p>Sabah kalk\u0131p kahvalt\u0131m\u0131z\u0131 yapt\u0131ktan sonra \u00e7ad\u0131rlar\u0131m\u0131z\u0131 toplayarak kamyona verdik. Palovit Yaylas\u0131na do\u011fru y\u00fcr\u00fcy\u00fc\u015fe ge\u00e7tik. Palovit Yaylas\u0131nda kamp\u0131m\u0131z\u0131 kurduktan sonra \u00e7evreyi gezerek dinlenmeye \u00e7ekildik.<\/p>\n\n\n\n<p>7 A\u011fustos 2022 Pazar<\/p>\n\n\n\n<p>Sabah kalk\u0131p kahvalt\u0131m\u0131z\u0131 yapt\u0131ktan sonra \u00e7ad\u0131rlar\u0131m\u0131z\u0131 toplad\u0131k. Kamp y\u00fck\u00fcm\u00fcz\u00fc kamyona verdikten sonra minib\u00fcsler ile TROV\u0130T Yaylas\u0131 \u00fczerinden Yayla K\u00f6ye oradan \u00c7at k\u00f6y\u00fc alt\u0131nda F\u0131rt\u0131na Deresine minib\u00fcsler ile ula\u015ft\u0131k. F\u0131rt\u0131na Deresi k\u0131y\u0131s\u0131nda 15 dakika sigara molas\u0131 verdikten sonra Zil Kale \u015eenyuva \u00fczerinden \u00c7aml\u0131\u015fhem\u015fin&#8217;e oradan \u00c7ayeli&#8217;ne ula\u015farak faaliyeti sonland\u0131rd\u0131k.<\/p>\n\n\n\n<p>\u00c7ayeli il\u00e7esinde al\u0131\u015fveri\u015f yap\u0131p ak\u015fam yeme\u011fi yedikten sonra saat 17:00&#8217;de Manisa&#8217;ya do\u011fru yola \u00e7\u0131kt\u0131k. Gece 23:30&#8217;da Samsun Terme sahilinde \u00e7ad\u0131r kurarak sabahlad\u0131k.<\/p>\n\n\n\n<p>8 A\u011fustos 2022 Pazartesi<\/p>\n\n\n\n<p>Sabah kalk\u0131p kahvalt\u0131m\u0131z\u0131 yapt\u0131ktan sonra \u00e7ad\u0131rlar\u0131m\u0131z\u0131 toplayarak Manisa&#8217;ya do\u011fru yola \u00e7\u0131kt\u0131k. Saat 23:45&#8217;te Manisa&#8217;ya ula\u015farak bir faaliyeti daha tamamlaman\u0131n mutlulu\u011funu ya\u015fayarak evlerimizde dinlenmeye \u00e7ekildik. Faaliyetimize kat\u0131lan arkada\u015flar\u0131m\u0131z\u0131 tebrik ederiz.<\/p>\n\n\n\n<p>Bu faaliyetin alb\u00fcm hikayesine <a rel=\"noreferrer noopener\" href=\"http:\/\/facebook.com\/media\/set?set=oa.1016515832346943&amp;type=3\" target=\"_blank\">http:\/\/facebook.com\/media\/set?set=oa.1016515832346943&amp;type=3<\/a> adresinden ula\u015fabilirsiniz.<\/p>\n\n\n\n<p>Bu faaliyetin di\u011fer alb\u00fcm hikayesine  <a href=\"https:\/\/www.facebook.com\/media\/set\/?vanity=yavuzALNIAK&amp;set=a.10159507545069652\">https:\/\/www.facebook.com\/media\/set\/?vanity=yavuzALNIAK&amp;set=a.10159507545069652<\/a> adresinden ula\u015fabilirsiniz. <\/p>\n","protected":false},"excerpt":{"rendered":"<div class=\"slide-text-bg2\">\n<h3>3-7 A\u011fustos 2022 tarihleri aras\u0131nda d\u00fczenlenen 8.\u00c7ayeli Da\u011fc\u0131l\u0131k \u015eenli\u011fine 1 A\u011fustos 2022 tarihinde saat 12:00&#8217;de Manisa&#8217;dan yola \u00e7\u0131karak 2 A\u011fustos<\/h3>\n<\/div>\n<div class=\"flex-btn-div\"><a href=\"https:\/\/anemontrekking.com\/?p=1268\" class=\"btn1 flex-btn\">Daha fazlas\u0131n\u0131 oku<\/a><\/div>\n","protected":false},"author":1,"featured_media":0,"comment_status":"open","ping_status":"open","sticky":false,"template":"","format":"standard","meta":{"ngg_post_thumbnail":0,"footnotes":""},"categories":[1],"tags":[252,246,244,250,247,74,248,245,249,253,251],"class_list":["post-1268","post","type-post","status-publish","format-standard","hentry","category-genel","tag-cat-koyu","tag-cayeli","tag-cayeli-8-uluslararasi-dagcilik-turizm-ve-yayla-festivali","tag-elevit-yaylasi","tag-kackar-daglari","tag-karadeniz","tag-mezovit-yaylasi","tag-rize","tag-tirovit-yaylasi","tag-yayla-senligi","tag-yukari-kavrun-yaylasi"],"yoast_head":"<!-- This site is optimized with the Yoast SEO plugin v26.3 - https:\/\/yoast.com\/wordpress\/plugins\/seo\/ -->\n<title>MAN\u0130SA&#039;DAN R\u0130ZE \u00c7AYEL\u0130 8.DA\u011eCILIK \u015eENL\u0130\u011e\u0130NE KATILDIK - Anemon Trekking Spor Kulub\u00fc<\/title>\n<meta name=\"robots\" content=\"index, follow, max-snippet:-1, max-image-preview:large, max-video-preview:-1\" \/>\n<link rel=\"canonical\" href=\"https:\/\/anemontrekking.com\/?p=1268\" \/>\n<meta property=\"og:locale\" content=\"tr_TR\" \/>\n<meta property=\"og:type\" content=\"article\" \/>\n<meta property=\"og:title\" content=\"MAN\u0130SA&#039;DAN R\u0130ZE \u00c7AYEL\u0130 8.DA\u011eCILIK \u015eENL\u0130\u011e\u0130NE KATILDIK - Anemon Trekking Spor Kulub\u00fc\" \/>\n<meta property=\"og:description\" content=\"3-7 A\u011fustos 2022 tarihleri aras\u0131nda d\u00fczenlenen 8.\u00c7ayeli Da\u011fc\u0131l\u0131k \u015eenli\u011fine 1 A\u011fustos 2022 tarihinde saat 12:00&#8217;de Manisa&#8217;dan yola \u00e7\u0131karak 2 A\u011fustosDaha fazlas\u0131n\u0131 oku\" \/>\n<meta property=\"og:url\" content=\"https:\/\/anemontrekking.com\/?p=1268\" \/>\n<meta property=\"og:site_name\" content=\"Anemon Trekking Spor Kulub\u00fc\" \/>\n<meta property=\"article:publisher\" content=\"https:\/\/facebook.com\/anemontreking\" \/>\n<meta property=\"article:published_time\" content=\"2022-08-09T12:55:44+00:00\" \/>\n<meta property=\"article:modified_time\" content=\"2022-08-22T15:38:52+00:00\" \/>\n<meta property=\"og:image\" content=\"http:\/\/anemontrekking.com\/wp-content\/uploads\/2022\/08\/image-1024x471.png\" \/>\n<meta name=\"author\" content=\"yavuz\" \/>\n<meta name=\"twitter:card\" content=\"summary_large_image\" \/>\n<meta name=\"twitter:creator\" content=\"@anemon_trekking\" \/>\n<meta name=\"twitter:site\" content=\"@anemon_trekking\" \/>\n<meta name=\"twitter:label1\" content=\"Yazan:\" \/>\n\t<meta name=\"twitter:data1\" content=\"yavuz\" \/>\n\t<meta name=\"twitter:label2\" content=\"Tahmini okuma s\u00fcresi\" \/>\n\t<meta name=\"twitter:data2\" content=\"2 dakika\" \/>\n<script type=\"application\/ld+json\" class=\"yoast-schema-graph\">{\"@context\":\"https:\/\/schema.org\",\"@graph\":[{\"@type\":\"Article\",\"@id\":\"https:\/\/anemontrekking.com\/?p=1268#article\",\"isPartOf\":{\"@id\":\"https:\/\/anemontrekking.com\/?p=1268\"},\"author\":{\"name\":\"yavuz\",\"@id\":\"https:\/\/anemontrekking.com\/#\/schema\/person\/4d11ecf3a35936712ecb649f5c811172\"},\"headline\":\"MAN\u0130SA&#8217;DAN R\u0130ZE \u00c7AYEL\u0130 8.DA\u011eCILIK \u015eENL\u0130\u011e\u0130NE KATILDIK\",\"datePublished\":\"2022-08-09T12:55:44+00:00\",\"dateModified\":\"2022-08-22T15:38:52+00:00\",\"mainEntityOfPage\":{\"@id\":\"https:\/\/anemontrekking.com\/?p=1268\"},\"wordCount\":507,\"commentCount\":0,\"publisher\":{\"@id\":\"https:\/\/anemontrekking.com\/#organization\"},\"image\":{\"@id\":\"https:\/\/anemontrekking.com\/?p=1268#primaryimage\"},\"thumbnailUrl\":\"http:\/\/anemontrekking.com\/wp-content\/uploads\/2022\/08\/image-1024x471.png\",\"keywords\":[\"\u00c7at K\u00f6y\u00fc\",\"\u00c7ayeli\",\"\u00c7ayeli 8.Uluslararas\u0131 Da\u011fc\u0131l\u0131k Turizm ve Yayla Festivali\",\"Elevit Yaylas\u0131\",\"Ka\u00e7kar Da\u011flar\u0131\",\"Karadeniz\",\"Mezovit Yaylas\u0131\",\"Rize\",\"Tirovit Yaylas\u0131\",\"Yayla \u015eenli\u011fi\",\"Yukar\u0131 Kavrun Yaylas\u0131\"],\"inLanguage\":\"tr\",\"potentialAction\":[{\"@type\":\"CommentAction\",\"name\":\"Comment\",\"target\":[\"https:\/\/anemontrekking.com\/?p=1268#respond\"]}]},{\"@type\":\"WebPage\",\"@id\":\"https:\/\/anemontrekking.com\/?p=1268\",\"url\":\"https:\/\/anemontrekking.com\/?p=1268\",\"name\":\"MAN\u0130SA'DAN R\u0130ZE \u00c7AYEL\u0130 8.DA\u011eCILIK \u015eENL\u0130\u011e\u0130NE KATILDIK - Anemon Trekking Spor Kulub\u00fc\",\"isPartOf\":{\"@id\":\"https:\/\/anemontrekking.com\/#website\"},\"primaryImageOfPage\":{\"@id\":\"https:\/\/anemontrekking.com\/?p=1268#primaryimage\"},\"image\":{\"@id\":\"https:\/\/anemontrekking.com\/?p=1268#primaryimage\"},\"thumbnailUrl\":\"http:\/\/anemontrekking.com\/wp-content\/uploads\/2022\/08\/image-1024x471.png\",\"datePublished\":\"2022-08-09T12:55:44+00:00\",\"dateModified\":\"2022-08-22T15:38:52+00:00\",\"breadcrumb\":{\"@id\":\"https:\/\/anemontrekking.com\/?p=1268#breadcrumb\"},\"inLanguage\":\"tr\",\"potentialAction\":[{\"@type\":\"ReadAction\",\"target\":[\"https:\/\/anemontrekking.com\/?p=1268\"]}]},{\"@type\":\"ImageObject\",\"inLanguage\":\"tr\",\"@id\":\"https:\/\/anemontrekking.com\/?p=1268#primaryimage\",\"url\":\"https:\/\/anemontrekking.com\/wp-content\/uploads\/2022\/08\/image.png\",\"contentUrl\":\"https:\/\/anemontrekking.com\/wp-content\/uploads\/2022\/08\/image.png\",\"width\":2048,\"height\":942},{\"@type\":\"BreadcrumbList\",\"@id\":\"https:\/\/anemontrekking.com\/?p=1268#breadcrumb\",\"itemListElement\":[{\"@type\":\"ListItem\",\"position\":1,\"name\":\"Anasayfa\",\"item\":\"https:\/\/anemontrekking.com\/\"},{\"@type\":\"ListItem\",\"position\":2,\"name\":\"MAN\u0130SA&#8217;DAN R\u0130ZE \u00c7AYEL\u0130 8.DA\u011eCILIK \u015eENL\u0130\u011e\u0130NE KATILDIK\"}]},{\"@type\":\"WebSite\",\"@id\":\"https:\/\/anemontrekking.com\/#website\",\"url\":\"https:\/\/anemontrekking.com\/\",\"name\":\"Anemon Trekking Spor Kulub\u00fc\",\"description\":\"Da\u011fc\u0131l\u0131k, Trekking,Kamp\u00e7\u0131l\u0131k ve Do\u011fa Sporlar\u0131\",\"publisher\":{\"@id\":\"https:\/\/anemontrekking.com\/#organization\"},\"potentialAction\":[{\"@type\":\"SearchAction\",\"target\":{\"@type\":\"EntryPoint\",\"urlTemplate\":\"https:\/\/anemontrekking.com\/?s={search_term_string}\"},\"query-input\":{\"@type\":\"PropertyValueSpecification\",\"valueRequired\":true,\"valueName\":\"search_term_string\"}}],\"inLanguage\":\"tr\"},{\"@type\":\"Organization\",\"@id\":\"https:\/\/anemontrekking.com\/#organization\",\"name\":\"Anemon Trekking Spor Kulub\u00fc\",\"url\":\"https:\/\/anemontrekking.com\/\",\"logo\":{\"@type\":\"ImageObject\",\"inLanguage\":\"tr\",\"@id\":\"https:\/\/anemontrekking.com\/#\/schema\/logo\/image\/\",\"url\":\"http:\/\/anemontrekking.com\/wp-content\/uploads\/2021\/02\/47292421_10156386216874652_1517111611498692608_n.jpg\",\"contentUrl\":\"http:\/\/anemontrekking.com\/wp-content\/uploads\/2021\/02\/47292421_10156386216874652_1517111611498692608_n.jpg\",\"width\":960,\"height\":906,\"caption\":\"Anemon Trekking Spor Kulub\u00fc\"},\"image\":{\"@id\":\"https:\/\/anemontrekking.com\/#\/schema\/logo\/image\/\"},\"sameAs\":[\"https:\/\/facebook.com\/anemontreking\",\"https:\/\/x.com\/anemon_trekking\",\"https:\/\/www.instagram.com\/anemontreking\/\"]},{\"@type\":\"Person\",\"@id\":\"https:\/\/anemontrekking.com\/#\/schema\/person\/4d11ecf3a35936712ecb649f5c811172\",\"name\":\"yavuz\",\"description\":\"2014 y\u0131l\u0131ndan beri Anemon Trekking Spor Kul\u00fcb\u00fcn\u00fcn faaliyetlerini organize ediyorum. Rota \u00e7izip da\u011flarda y\u00fcr\u00fcyorum. Da\u011fc\u0131l\u0131k ve do\u011fa sporlar\u0131na merak\u0131n\u0131z varsa faaliyetlerimize kat\u0131labilirsiniz.\",\"sameAs\":[\"http:\/\/anemontrekking.com\"],\"url\":\"https:\/\/anemontrekking.com\/?author=1\"}]}<\/script>\n<!-- \/ Yoast SEO plugin. -->","yoast_head_json":{"title":"MAN\u0130SA'DAN R\u0130ZE \u00c7AYEL\u0130 8.DA\u011eCILIK \u015eENL\u0130\u011e\u0130NE KATILDIK - Anemon Trekking Spor Kulub\u00fc","robots":{"index":"index","follow":"follow","max-snippet":"max-snippet:-1","max-image-preview":"max-image-preview:large","max-video-preview":"max-video-preview:-1"},"canonical":"https:\/\/anemontrekking.com\/?p=1268","og_locale":"tr_TR","og_type":"article","og_title":"MAN\u0130SA'DAN R\u0130ZE \u00c7AYEL\u0130 8.DA\u011eCILIK \u015eENL\u0130\u011e\u0130NE KATILDIK - Anemon Trekking Spor Kulub\u00fc","og_description":"3-7 A\u011fustos 2022 tarihleri aras\u0131nda d\u00fczenlenen 8.\u00c7ayeli Da\u011fc\u0131l\u0131k \u015eenli\u011fine 1 A\u011fustos 2022 tarihinde saat 12:00&#8217;de Manisa&#8217;dan yola \u00e7\u0131karak 2 A\u011fustosDaha fazlas\u0131n\u0131 oku","og_url":"https:\/\/anemontrekking.com\/?p=1268","og_site_name":"Anemon Trekking Spor Kulub\u00fc","article_publisher":"https:\/\/facebook.com\/anemontreking","article_published_time":"2022-08-09T12:55:44+00:00","article_modified_time":"2022-08-22T15:38:52+00:00","og_image":[{"url":"http:\/\/anemontrekking.com\/wp-content\/uploads\/2022\/08\/image-1024x471.png","type":"","width":"","height":""}],"author":"yavuz","twitter_card":"summary_large_image","twitter_creator":"@anemon_trekking","twitter_site":"@anemon_trekking","twitter_misc":{"Yazan:":"yavuz","Tahmini okuma s\u00fcresi":"2 dakika"},"schema":{"@context":"https:\/\/schema.org","@graph":[{"@type":"Article","@id":"https:\/\/anemontrekking.com\/?p=1268#article","isPartOf":{"@id":"https:\/\/anemontrekking.com\/?p=1268"},"author":{"name":"yavuz","@id":"https:\/\/anemontrekking.com\/#\/schema\/person\/4d11ecf3a35936712ecb649f5c811172"},"headline":"MAN\u0130SA&#8217;DAN R\u0130ZE \u00c7AYEL\u0130 8.DA\u011eCILIK \u015eENL\u0130\u011e\u0130NE KATILDIK","datePublished":"2022-08-09T12:55:44+00:00","dateModified":"2022-08-22T15:38:52+00:00","mainEntityOfPage":{"@id":"https:\/\/anemontrekking.com\/?p=1268"},"wordCount":507,"commentCount":0,"publisher":{"@id":"https:\/\/anemontrekking.com\/#organization"},"image":{"@id":"https:\/\/anemontrekking.com\/?p=1268#primaryimage"},"thumbnailUrl":"http:\/\/anemontrekking.com\/wp-content\/uploads\/2022\/08\/image-1024x471.png","keywords":["\u00c7at K\u00f6y\u00fc","\u00c7ayeli","\u00c7ayeli 8.Uluslararas\u0131 Da\u011fc\u0131l\u0131k Turizm ve Yayla Festivali","Elevit Yaylas\u0131","Ka\u00e7kar Da\u011flar\u0131","Karadeniz","Mezovit Yaylas\u0131","Rize","Tirovit Yaylas\u0131","Yayla \u015eenli\u011fi","Yukar\u0131 Kavrun Yaylas\u0131"],"inLanguage":"tr","potentialAction":[{"@type":"CommentAction","name":"Comment","target":["https:\/\/anemontrekking.com\/?p=1268#respond"]}]},{"@type":"WebPage","@id":"https:\/\/anemontrekking.com\/?p=1268","url":"https:\/\/anemontrekking.com\/?p=1268","name":"MAN\u0130SA'DAN R\u0130ZE \u00c7AYEL\u0130 8.DA\u011eCILIK \u015eENL\u0130\u011e\u0130NE KATILDIK - Anemon Trekking Spor Kulub\u00fc","isPartOf":{"@id":"https:\/\/anemontrekking.com\/#website"},"primaryImageOfPage":{"@id":"https:\/\/anemontrekking.com\/?p=1268#primaryimage"},"image":{"@id":"https:\/\/anemontrekking.com\/?p=1268#primaryimage"},"thumbnailUrl":"http:\/\/anemontrekking.com\/wp-content\/uploads\/2022\/08\/image-1024x471.png","datePublished":"2022-08-09T12:55:44+00:00","dateModified":"2022-08-22T15:38:52+00:00","breadcrumb":{"@id":"https:\/\/anemontrekking.com\/?p=1268#breadcrumb"},"inLanguage":"tr","potentialAction":[{"@type":"ReadAction","target":["https:\/\/anemontrekking.com\/?p=1268"]}]},{"@type":"ImageObject","inLanguage":"tr","@id":"https:\/\/anemontrekking.com\/?p=1268#primaryimage","url":"https:\/\/anemontrekking.com\/wp-content\/uploads\/2022\/08\/image.png","contentUrl":"https:\/\/anemontrekking.com\/wp-content\/uploads\/2022\/08\/image.png","width":2048,"height":942},{"@type":"BreadcrumbList","@id":"https:\/\/anemontrekking.com\/?p=1268#breadcrumb","itemListElement":[{"@type":"ListItem","position":1,"name":"Anasayfa","item":"https:\/\/anemontrekking.com\/"},{"@type":"ListItem","position":2,"name":"MAN\u0130SA&#8217;DAN R\u0130ZE \u00c7AYEL\u0130 8.DA\u011eCILIK \u015eENL\u0130\u011e\u0130NE KATILDIK"}]},{"@type":"WebSite","@id":"https:\/\/anemontrekking.com\/#website","url":"https:\/\/anemontrekking.com\/","name":"Anemon Trekking Spor Kulub\u00fc","description":"Da\u011fc\u0131l\u0131k, Trekking,Kamp\u00e7\u0131l\u0131k ve Do\u011fa Sporlar\u0131","publisher":{"@id":"https:\/\/anemontrekking.com\/#organization"},"potentialAction":[{"@type":"SearchAction","target":{"@type":"EntryPoint","urlTemplate":"https:\/\/anemontrekking.com\/?s={search_term_string}"},"query-input":{"@type":"PropertyValueSpecification","valueRequired":true,"valueName":"search_term_string"}}],"inLanguage":"tr"},{"@type":"Organization","@id":"https:\/\/anemontrekking.com\/#organization","name":"Anemon Trekking Spor Kulub\u00fc","url":"https:\/\/anemontrekking.com\/","logo":{"@type":"ImageObject","inLanguage":"tr","@id":"https:\/\/anemontrekking.com\/#\/schema\/logo\/image\/","url":"http:\/\/anemontrekking.com\/wp-content\/uploads\/2021\/02\/47292421_10156386216874652_1517111611498692608_n.jpg","contentUrl":"http:\/\/anemontrekking.com\/wp-content\/uploads\/2021\/02\/47292421_10156386216874652_1517111611498692608_n.jpg","width":960,"height":906,"caption":"Anemon Trekking Spor Kulub\u00fc"},"image":{"@id":"https:\/\/anemontrekking.com\/#\/schema\/logo\/image\/"},"sameAs":["https:\/\/facebook.com\/anemontreking","https:\/\/x.com\/anemon_trekking","https:\/\/www.instagram.com\/anemontreking\/"]},{"@type":"Person","@id":"https:\/\/anemontrekking.com\/#\/schema\/person\/4d11ecf3a35936712ecb649f5c811172","name":"yavuz","description":"2014 y\u0131l\u0131ndan beri Anemon Trekking Spor Kul\u00fcb\u00fcn\u00fcn faaliyetlerini organize ediyorum. Rota \u00e7izip da\u011flarda y\u00fcr\u00fcyorum. Da\u011fc\u0131l\u0131k ve do\u011fa sporlar\u0131na merak\u0131n\u0131z varsa faaliyetlerimize kat\u0131labilirsiniz.","sameAs":["http:\/\/anemontrekking.com"],"url":"https:\/\/anemontrekking.com\/?author=1"}]}},"_links":{"self":[{"href":"https:\/\/anemontrekking.com\/index.php?rest_route=\/wp\/v2\/posts\/1268","targetHints":{"allow":["GET"]}}],"collection":[{"href":"https:\/\/anemontrekking.com\/index.php?rest_route=\/wp\/v2\/posts"}],"about":[{"href":"https:\/\/anemontrekking.com\/index.php?rest_route=\/wp\/v2\/types\/post"}],"author":[{"embeddable":true,"href":"https:\/\/anemontrekking.com\/index.php?rest_route=\/wp\/v2\/users\/1"}],"replies":[{"embeddable":true,"href":"https:\/\/anemontrekking.com\/index.php?rest_route=%2Fwp%2Fv2%2Fcomments&post=1268"}],"version-history":[{"count":4,"href":"https:\/\/anemontrekking.com\/index.php?rest_route=\/wp\/v2\/posts\/1268\/revisions"}],"predecessor-version":[{"id":1288,"href":"https:\/\/anemontrekking.com\/index.php?rest_route=\/wp\/v2\/posts\/1268\/revisions\/1288"}],"wp:attachment":[{"href":"https:\/\/anemontrekking.com\/index.php?rest_route=%2Fwp%2Fv2%2Fmedia&parent=1268"}],"wp:term":[{"taxonomy":"category","embeddable":true,"href":"https:\/\/anemontrekking.com\/index.php?rest_route=%2Fwp%2Fv2%2Fcategories&post=1268"},{"taxonomy":"post_tag","embeddable":true,"href":"https:\/\/anemontrekking.com\/index.php?rest_route=%2Fwp%2Fv2%2Ftags&post=1268"}],"curies":[{"name":"wp","href":"https:\/\/api.w.org\/{rel}","templated":true}]}}