{"id":125,"date":"2021-03-02T13:44:02","date_gmt":"2021-03-02T10:44:02","guid":{"rendered":"http:\/\/anemontrekking.com:81\/?p=125"},"modified":"2021-03-02T13:46:28","modified_gmt":"2021-03-02T10:46:28","slug":"2-mart-2014-anemon-trekking-icin-bir-milad","status":"publish","type":"post","link":"https:\/\/anemontrekking.com\/?p=125","title":{"rendered":"2 MART 2014 ANEMON TREKK\u0130NG \u0130\u00c7\u0130N B\u0130R M\u0130LAD"},"content":{"rendered":"\n<p>2 Mart 2014 g\u00fcn\u00fc Manisa&#8217;n\u0131n ilk trekking gurubu olan <a href=\"https:\/\/www.facebook.com\/anemontreking\/?__cft__[0]=AZXmHujuv7a-GvnzMpgCRXfCs8A6f8T6niRBnoV6ExAcHs6Lu0nS_iwLwQuURQR8acSKRcGaVvWUJ33an0gN8yIcfA9Ofmc5dtn4XQt9mb2AsL_uErxbCi9aUyW8wCFeBlmgCstFolzLE5fNh67KJfSkE2M1tdC8cMRNmHPJvxTYhg&amp;__tn__=kK-R\">Anemon Trekking<\/a> bir ilki ba\u015fard\u0131 ve yine ilk defa G\u00fcrle-Yo\u011furt\u00e7u Kalesi aras\u0131nda sadece bilgisayar ortam\u0131nda matematiksel hesaplar\u0131 yap\u0131larak \u00e7izilen 10 km \u00f6zg\u00fcn bir parkuru \u00fcstelik sa\u011fnak \u015feklinde ya\u011fan yo\u011fun bir ya\u011fmur alt\u0131nda y\u00fcr\u00fcd\u00fc. Bu y\u00fcr\u00fcy\u00fc\u015f\u00fcn kahramanlar\u0131na sonsuz te\u015fekk\u00fcrler. Te\u015fekk\u00fcrler <a href=\"https:\/\/www.facebook.com\/salim.hacioglu.7?__cft__[0]=AZXmHujuv7a-GvnzMpgCRXfCs8A6f8T6niRBnoV6ExAcHs6Lu0nS_iwLwQuURQR8acSKRcGaVvWUJ33an0gN8yIcfA9Ofmc5dtn4XQt9mb2AsL_uErxbCi9aUyW8wCFeBlmgCstFolzLE5fNh67KJfSkE2M1tdC8cMRNmHPJvxTYhg&amp;__tn__=-]K-R\">Salim Hacioglu<\/a> , Oktay \u00d6nen, <a href=\"https:\/\/www.facebook.com\/meltem.alucoglu?__cft__[0]=AZXmHujuv7a-GvnzMpgCRXfCs8A6f8T6niRBnoV6ExAcHs6Lu0nS_iwLwQuURQR8acSKRcGaVvWUJ33an0gN8yIcfA9Ofmc5dtn4XQt9mb2AsL_uErxbCi9aUyW8wCFeBlmgCstFolzLE5fNh67KJfSkE2M1tdC8cMRNmHPJvxTYhg&amp;__tn__=-]K-R\">Meltem Alu\u00e7o\u011flu<\/a> en cesaretli ve y\u00fcrekli sizler \u00e7\u0131kt\u0131n\u0131z. Ayr\u0131ca bu y\u00fcr\u00fcy\u00fc\u015fte telefonunu bana kulland\u0131ran Mustafa Bacakl\u0131lar&#8217;a ayr\u0131ca te\u015fekk\u00fcr ederim. <\/p>\n\n\n\n<figure class=\"wp-block-gallery columns-2 is-cropped wp-block-gallery-1 is-layout-flex wp-block-gallery-is-layout-flex\"><ul class=\"blocks-gallery-grid\"><li class=\"blocks-gallery-item\"><figure><img loading=\"lazy\" decoding=\"async\" width=\"960\" height=\"645\" src=\"http:\/\/anemontrekking.com:81\/wp-content\/uploads\/2021\/03\/1976993_10152083009674652_120553194_n.jpg\" alt=\"\" data-id=\"128\" data-full-url=\"http:\/\/anemontrekking.com:81\/wp-content\/uploads\/2021\/03\/1976993_10152083009674652_120553194_n.jpg\" data-link=\"http:\/\/anemontrekking.com:81\/?attachment_id=128\" class=\"wp-image-128\" srcset=\"https:\/\/anemontrekking.com\/wp-content\/uploads\/2021\/03\/1976993_10152083009674652_120553194_n.jpg 960w, https:\/\/anemontrekking.com\/wp-content\/uploads\/2021\/03\/1976993_10152083009674652_120553194_n-300x202.jpg 300w, https:\/\/anemontrekking.com\/wp-content\/uploads\/2021\/03\/1976993_10152083009674652_120553194_n-768x516.jpg 768w\" sizes=\"auto, (max-width: 960px) 100vw, 960px\" \/><\/figure><\/li><li class=\"blocks-gallery-item\"><figure><img loading=\"lazy\" decoding=\"async\" width=\"603\" height=\"480\" src=\"http:\/\/anemontrekking.com:81\/wp-content\/uploads\/2021\/03\/1979505_10152080419494652_576863255_n.jpg\" alt=\"\" data-id=\"129\" data-full-url=\"http:\/\/anemontrekking.com:81\/wp-content\/uploads\/2021\/03\/1979505_10152080419494652_576863255_n.jpg\" data-link=\"http:\/\/anemontrekking.com:81\/?attachment_id=129\" class=\"wp-image-129\" srcset=\"https:\/\/anemontrekking.com\/wp-content\/uploads\/2021\/03\/1979505_10152080419494652_576863255_n.jpg 603w, https:\/\/anemontrekking.com\/wp-content\/uploads\/2021\/03\/1979505_10152080419494652_576863255_n-300x239.jpg 300w\" sizes=\"auto, (max-width: 603px) 100vw, 603px\" \/><\/figure><\/li><\/ul><\/figure>\n\n\n\n<p>2 Mart 2014 sonras\u0131 bilgisayar ortam\u0131nda \u00e7izilen y\u00fczlerce rota o b\u00f6lgelere gidilip y\u00fcr\u00fcnd\u00fc. Nice nice da\u011f, kanyon, vadi, dere ke\u015fifleri yap\u0131ld\u0131. <\/p>\n\n\n\n<p>Y\u00dcZLERCE B\u0130LG\u0130SAYAR \u00c7\u0130Z\u0130ML\u0130 ROTALARIMIZDAN BAZILARI :<\/p>\n\n\n\n<ol class=\"wp-block-list\"><li><a href=\"https:\/\/www.facebook.com\/events\/1018689831913795\/\">Toros Da\u011flar\u0131 Susuz Da\u011f\u0131 Trans\u0131 (16-17 Ekim 2020)<\/a><\/li><li><a rel=\"noreferrer noopener\" href=\"https:\/\/www.facebook.com\/events\/1063062650797437\/\" target=\"_blank\">Mavig\u00f6l Kamp\u0131 \u00c7\u0131rp\u0131c\u0131dede Da\u011f\u0131 T\u0131rman\u0131\u015f\u0131 (11-12 Eyl\u00fcl 2020)<\/a><\/li><li><a rel=\"noreferrer noopener\" href=\"https:\/\/www.facebook.com\/events\/2598216480392413\/\" target=\"_blank\">Sandras Da\u011f\u0131 G\u00f6ller Trans\u0131 (K\u00f6yce\u011fiz) 12-13 Haziran 2020<\/a><\/li><li><a rel=\"noreferrer noopener\" href=\"https:\/\/www.facebook.com\/events\/1063694163994238\/\" target=\"_blank\">Tahtal\u0131 Da\u011f\u0131 Kuzey Duvar\u0131 T\u0131rman\u0131\u015f\u0131 (Antalya) (13-15 Mart 2020)<\/a><\/li><li><a href=\"https:\/\/www.facebook.com\/events\/2606466086256144\/\">Karap\u0131nar \u015eelalesinden Gediz&#8217;in Kayna\u011f\u0131na (Murat Da\u011f\u0131) 23-24 Kas\u0131m 2019<\/a><\/li><li><a href=\"https:\/\/www.facebook.com\/events\/1700525763391398\/\">\u00c7al Da\u011f\u0131 (Mu\u011fla-Dalaman) 24-25 Kas\u0131m 2018<\/a><\/li><li><a href=\"https:\/\/www.facebook.com\/events\/208380003354546\/\">Ka\u00e7kar Da\u011f\u0131 Zafer T\u0131rman\u0131\u015f\u0131 ve G\u00f6ller Turu (27-31 A\u011fustos)<\/a><\/li><li><a href=\"https:\/\/www.facebook.com\/events\/2016109212038777\/\">Akda\u011f (Uyluktepe) ve G\u00f6ller Turu (21-21 Temmuz 2018)<\/a><\/li><li><a href=\"https:\/\/www.facebook.com\/events\/173095310023005\/\">Ula\u015f \u015eAH\u0130N Medetsiz Da\u011f\u0131 T\u0131rman\u0131\u015f\u0131 ve Bolkar Da\u011flar\u0131 Trans Ge\u00e7i\u015fi 29-30 Haziran 2018<\/a><\/li><li><a rel=\"noreferrer noopener\" href=\"https:\/\/www.facebook.com\/events\/1579779742075885\/\" target=\"_blank\">\u00c7anakkale \u015eehitleri Anma T\u0131rman\u0131\u015f\u0131 (\u00c7ifte Zirve) Kaz Da\u011flar\u0131 Trans\u0131 17-18 Mart 2018<\/a><\/li><li><a href=\"https:\/\/www.facebook.com\/events\/771793526343824\/\">Babada\u011f K\u0131\u015f T\u0131rman\u0131\u015f\u0131 (Denizli) 24-25 \u015eubat 2018<\/a><\/li><li><a rel=\"noreferrer noopener\" href=\"https:\/\/www.facebook.com\/events\/1481543208552043\/\" target=\"_blank\">Dedeg\u00f6l Zirve-Karag\u00f6l-P\u0131narg\u00f6z\u00fc (Kampl\u0131) Anamas Da\u011flar\u0131 Trans\u0131 8-9 Temmuz 2017<\/a><\/li><li><a rel=\"noreferrer noopener\" href=\"https:\/\/www.facebook.com\/events\/1259248520823094\/\" target=\"_blank\">G\u00fcm\u00fc\u015f \u00c7ay\u0131 Vadisi-Bozda\u011f Zirve (Kampl\u0131) 18-19 Mart 2017<\/a><\/li><\/ol>\n\n\n\n<p>Daha Fazlas\u0131 ve b\u00fct\u00fcn faaliyetler bu linkte : <a rel=\"noreferrer noopener\" href=\"https:\/\/www.facebook.com\/anemontreking\/events\" target=\"_blank\">https:\/\/www.facebook.com\/anemontreking\/events<\/a><\/p>\n","protected":false},"excerpt":{"rendered":"<div class=\"slide-text-bg2\">\n<h3>2 Mart 2014 g\u00fcn\u00fc Manisa&#8217;n\u0131n ilk trekking gurubu olan Anemon Trekking bir ilki ba\u015fard\u0131 ve yine ilk defa G\u00fcrle-Yo\u011furt\u00e7u Kalesi<\/h3>\n<\/div>\n<div class=\"flex-btn-div\"><a href=\"https:\/\/anemontrekking.com\/?p=125\" class=\"btn1 flex-btn\">Daha fazlas\u0131n\u0131 oku<\/a><\/div>\n","protected":false},"author":1,"featured_media":0,"comment_status":"open","ping_status":"open","sticky":false,"template":"","format":"standard","meta":{"ngg_post_thumbnail":0,"footnotes":""},"categories":[1],"tags":[],"class_list":["post-125","post","type-post","status-publish","format-standard","hentry","category-genel"],"yoast_head":"<!-- This site is optimized with the Yoast SEO plugin v26.3 - https:\/\/yoast.com\/wordpress\/plugins\/seo\/ -->\n<title>2 MART 2014 ANEMON TREKK\u0130NG \u0130\u00c7\u0130N B\u0130R M\u0130LAD - Anemon Trekking Spor Kulub\u00fc<\/title>\n<meta name=\"robots\" content=\"index, follow, max-snippet:-1, max-image-preview:large, max-video-preview:-1\" \/>\n<link rel=\"canonical\" href=\"https:\/\/anemontrekking.com\/?p=125\" \/>\n<meta property=\"og:locale\" content=\"tr_TR\" \/>\n<meta property=\"og:type\" content=\"article\" \/>\n<meta property=\"og:title\" content=\"2 MART 2014 ANEMON TREKK\u0130NG \u0130\u00c7\u0130N B\u0130R M\u0130LAD - Anemon Trekking Spor Kulub\u00fc\" \/>\n<meta property=\"og:description\" content=\"2 Mart 2014 g\u00fcn\u00fc Manisa&#8217;n\u0131n ilk trekking gurubu olan Anemon Trekking bir ilki ba\u015fard\u0131 ve yine ilk defa G\u00fcrle-Yo\u011furt\u00e7u KalesiDaha fazlas\u0131n\u0131 oku\" \/>\n<meta property=\"og:url\" content=\"https:\/\/anemontrekking.com\/?p=125\" \/>\n<meta property=\"og:site_name\" content=\"Anemon Trekking Spor Kulub\u00fc\" \/>\n<meta property=\"article:publisher\" content=\"https:\/\/facebook.com\/anemontreking\" \/>\n<meta property=\"article:published_time\" content=\"2021-03-02T10:44:02+00:00\" \/>\n<meta property=\"article:modified_time\" content=\"2021-03-02T10:46:28+00:00\" \/>\n<meta property=\"og:image\" content=\"http:\/\/anemontrekking.com:81\/wp-content\/uploads\/2021\/03\/1976993_10152083009674652_120553194_n.jpg\" \/>\n<meta name=\"author\" content=\"yavuz\" \/>\n<meta name=\"twitter:card\" content=\"summary_large_image\" \/>\n<meta name=\"twitter:creator\" content=\"@anemon_trekking\" \/>\n<meta name=\"twitter:site\" content=\"@anemon_trekking\" \/>\n<meta name=\"twitter:label1\" content=\"Yazan:\" \/>\n\t<meta name=\"twitter:data1\" content=\"yavuz\" \/>\n\t<meta name=\"twitter:label2\" content=\"Tahmini okuma s\u00fcresi\" \/>\n\t<meta name=\"twitter:data2\" content=\"1 dakika\" \/>\n<script type=\"application\/ld+json\" class=\"yoast-schema-graph\">{\"@context\":\"https:\/\/schema.org\",\"@graph\":[{\"@type\":\"Article\",\"@id\":\"https:\/\/anemontrekking.com\/?p=125#article\",\"isPartOf\":{\"@id\":\"https:\/\/anemontrekking.com\/?p=125\"},\"author\":{\"name\":\"yavuz\",\"@id\":\"https:\/\/anemontrekking.com\/#\/schema\/person\/4d11ecf3a35936712ecb649f5c811172\"},\"headline\":\"2 MART 2014 ANEMON TREKK\u0130NG \u0130\u00c7\u0130N B\u0130R M\u0130LAD\",\"datePublished\":\"2021-03-02T10:44:02+00:00\",\"dateModified\":\"2021-03-02T10:46:28+00:00\",\"mainEntityOfPage\":{\"@id\":\"https:\/\/anemontrekking.com\/?p=125\"},\"wordCount\":305,\"commentCount\":0,\"publisher\":{\"@id\":\"https:\/\/anemontrekking.com\/#organization\"},\"image\":{\"@id\":\"https:\/\/anemontrekking.com\/?p=125#primaryimage\"},\"thumbnailUrl\":\"http:\/\/anemontrekking.com:81\/wp-content\/uploads\/2021\/03\/1976993_10152083009674652_120553194_n.jpg\",\"inLanguage\":\"tr\",\"potentialAction\":[{\"@type\":\"CommentAction\",\"name\":\"Comment\",\"target\":[\"https:\/\/anemontrekking.com\/?p=125#respond\"]}]},{\"@type\":\"WebPage\",\"@id\":\"https:\/\/anemontrekking.com\/?p=125\",\"url\":\"https:\/\/anemontrekking.com\/?p=125\",\"name\":\"2 MART 2014 ANEMON TREKK\u0130NG \u0130\u00c7\u0130N B\u0130R M\u0130LAD - Anemon Trekking Spor Kulub\u00fc\",\"isPartOf\":{\"@id\":\"https:\/\/anemontrekking.com\/#website\"},\"primaryImageOfPage\":{\"@id\":\"https:\/\/anemontrekking.com\/?p=125#primaryimage\"},\"image\":{\"@id\":\"https:\/\/anemontrekking.com\/?p=125#primaryimage\"},\"thumbnailUrl\":\"http:\/\/anemontrekking.com:81\/wp-content\/uploads\/2021\/03\/1976993_10152083009674652_120553194_n.jpg\",\"datePublished\":\"2021-03-02T10:44:02+00:00\",\"dateModified\":\"2021-03-02T10:46:28+00:00\",\"breadcrumb\":{\"@id\":\"https:\/\/anemontrekking.com\/?p=125#breadcrumb\"},\"inLanguage\":\"tr\",\"potentialAction\":[{\"@type\":\"ReadAction\",\"target\":[\"https:\/\/anemontrekking.com\/?p=125\"]}]},{\"@type\":\"ImageObject\",\"inLanguage\":\"tr\",\"@id\":\"https:\/\/anemontrekking.com\/?p=125#primaryimage\",\"url\":\"http:\/\/anemontrekking.com:81\/wp-content\/uploads\/2021\/03\/1976993_10152083009674652_120553194_n.jpg\",\"contentUrl\":\"http:\/\/anemontrekking.com:81\/wp-content\/uploads\/2021\/03\/1976993_10152083009674652_120553194_n.jpg\"},{\"@type\":\"BreadcrumbList\",\"@id\":\"https:\/\/anemontrekking.com\/?p=125#breadcrumb\",\"itemListElement\":[{\"@type\":\"ListItem\",\"position\":1,\"name\":\"Anasayfa\",\"item\":\"https:\/\/anemontrekking.com\/\"},{\"@type\":\"ListItem\",\"position\":2,\"name\":\"2 MART 2014 ANEMON TREKK\u0130NG \u0130\u00c7\u0130N B\u0130R M\u0130LAD\"}]},{\"@type\":\"WebSite\",\"@id\":\"https:\/\/anemontrekking.com\/#website\",\"url\":\"https:\/\/anemontrekking.com\/\",\"name\":\"Anemon Trekking Spor Kulub\u00fc\",\"description\":\"Da\u011fc\u0131l\u0131k, Trekking,Kamp\u00e7\u0131l\u0131k ve Do\u011fa Sporlar\u0131\",\"publisher\":{\"@id\":\"https:\/\/anemontrekking.com\/#organization\"},\"potentialAction\":[{\"@type\":\"SearchAction\",\"target\":{\"@type\":\"EntryPoint\",\"urlTemplate\":\"https:\/\/anemontrekking.com\/?s={search_term_string}\"},\"query-input\":{\"@type\":\"PropertyValueSpecification\",\"valueRequired\":true,\"valueName\":\"search_term_string\"}}],\"inLanguage\":\"tr\"},{\"@type\":\"Organization\",\"@id\":\"https:\/\/anemontrekking.com\/#organization\",\"name\":\"Anemon Trekking Spor Kulub\u00fc\",\"url\":\"https:\/\/anemontrekking.com\/\",\"logo\":{\"@type\":\"ImageObject\",\"inLanguage\":\"tr\",\"@id\":\"https:\/\/anemontrekking.com\/#\/schema\/logo\/image\/\",\"url\":\"http:\/\/anemontrekking.com\/wp-content\/uploads\/2021\/02\/47292421_10156386216874652_1517111611498692608_n.jpg\",\"contentUrl\":\"http:\/\/anemontrekking.com\/wp-content\/uploads\/2021\/02\/47292421_10156386216874652_1517111611498692608_n.jpg\",\"width\":960,\"height\":906,\"caption\":\"Anemon Trekking Spor Kulub\u00fc\"},\"image\":{\"@id\":\"https:\/\/anemontrekking.com\/#\/schema\/logo\/image\/\"},\"sameAs\":[\"https:\/\/facebook.com\/anemontreking\",\"https:\/\/x.com\/anemon_trekking\",\"https:\/\/www.instagram.com\/anemontreking\/\"]},{\"@type\":\"Person\",\"@id\":\"https:\/\/anemontrekking.com\/#\/schema\/person\/4d11ecf3a35936712ecb649f5c811172\",\"name\":\"yavuz\",\"description\":\"2014 y\u0131l\u0131ndan beri Anemon Trekking Spor Kul\u00fcb\u00fcn\u00fcn faaliyetlerini organize ediyorum. Rota \u00e7izip da\u011flarda y\u00fcr\u00fcyorum. Da\u011fc\u0131l\u0131k ve do\u011fa sporlar\u0131na merak\u0131n\u0131z varsa faaliyetlerimize kat\u0131labilirsiniz.\",\"sameAs\":[\"http:\/\/anemontrekking.com\"],\"url\":\"https:\/\/anemontrekking.com\/?author=1\"}]}<\/script>\n<!-- \/ Yoast SEO plugin. -->","yoast_head_json":{"title":"2 MART 2014 ANEMON TREKK\u0130NG \u0130\u00c7\u0130N B\u0130R M\u0130LAD - Anemon Trekking Spor Kulub\u00fc","robots":{"index":"index","follow":"follow","max-snippet":"max-snippet:-1","max-image-preview":"max-image-preview:large","max-video-preview":"max-video-preview:-1"},"canonical":"https:\/\/anemontrekking.com\/?p=125","og_locale":"tr_TR","og_type":"article","og_title":"2 MART 2014 ANEMON TREKK\u0130NG \u0130\u00c7\u0130N B\u0130R M\u0130LAD - Anemon Trekking Spor Kulub\u00fc","og_description":"2 Mart 2014 g\u00fcn\u00fc Manisa&#8217;n\u0131n ilk trekking gurubu olan Anemon Trekking bir ilki ba\u015fard\u0131 ve yine ilk defa G\u00fcrle-Yo\u011furt\u00e7u KalesiDaha fazlas\u0131n\u0131 oku","og_url":"https:\/\/anemontrekking.com\/?p=125","og_site_name":"Anemon Trekking Spor Kulub\u00fc","article_publisher":"https:\/\/facebook.com\/anemontreking","article_published_time":"2021-03-02T10:44:02+00:00","article_modified_time":"2021-03-02T10:46:28+00:00","og_image":[{"url":"http:\/\/anemontrekking.com:81\/wp-content\/uploads\/2021\/03\/1976993_10152083009674652_120553194_n.jpg","type":"","width":"","height":""}],"author":"yavuz","twitter_card":"summary_large_image","twitter_creator":"@anemon_trekking","twitter_site":"@anemon_trekking","twitter_misc":{"Yazan:":"yavuz","Tahmini okuma s\u00fcresi":"1 dakika"},"schema":{"@context":"https:\/\/schema.org","@graph":[{"@type":"Article","@id":"https:\/\/anemontrekking.com\/?p=125#article","isPartOf":{"@id":"https:\/\/anemontrekking.com\/?p=125"},"author":{"name":"yavuz","@id":"https:\/\/anemontrekking.com\/#\/schema\/person\/4d11ecf3a35936712ecb649f5c811172"},"headline":"2 MART 2014 ANEMON TREKK\u0130NG \u0130\u00c7\u0130N B\u0130R M\u0130LAD","datePublished":"2021-03-02T10:44:02+00:00","dateModified":"2021-03-02T10:46:28+00:00","mainEntityOfPage":{"@id":"https:\/\/anemontrekking.com\/?p=125"},"wordCount":305,"commentCount":0,"publisher":{"@id":"https:\/\/anemontrekking.com\/#organization"},"image":{"@id":"https:\/\/anemontrekking.com\/?p=125#primaryimage"},"thumbnailUrl":"http:\/\/anemontrekking.com:81\/wp-content\/uploads\/2021\/03\/1976993_10152083009674652_120553194_n.jpg","inLanguage":"tr","potentialAction":[{"@type":"CommentAction","name":"Comment","target":["https:\/\/anemontrekking.com\/?p=125#respond"]}]},{"@type":"WebPage","@id":"https:\/\/anemontrekking.com\/?p=125","url":"https:\/\/anemontrekking.com\/?p=125","name":"2 MART 2014 ANEMON TREKK\u0130NG \u0130\u00c7\u0130N B\u0130R M\u0130LAD - Anemon Trekking Spor Kulub\u00fc","isPartOf":{"@id":"https:\/\/anemontrekking.com\/#website"},"primaryImageOfPage":{"@id":"https:\/\/anemontrekking.com\/?p=125#primaryimage"},"image":{"@id":"https:\/\/anemontrekking.com\/?p=125#primaryimage"},"thumbnailUrl":"http:\/\/anemontrekking.com:81\/wp-content\/uploads\/2021\/03\/1976993_10152083009674652_120553194_n.jpg","datePublished":"2021-03-02T10:44:02+00:00","dateModified":"2021-03-02T10:46:28+00:00","breadcrumb":{"@id":"https:\/\/anemontrekking.com\/?p=125#breadcrumb"},"inLanguage":"tr","potentialAction":[{"@type":"ReadAction","target":["https:\/\/anemontrekking.com\/?p=125"]}]},{"@type":"ImageObject","inLanguage":"tr","@id":"https:\/\/anemontrekking.com\/?p=125#primaryimage","url":"http:\/\/anemontrekking.com:81\/wp-content\/uploads\/2021\/03\/1976993_10152083009674652_120553194_n.jpg","contentUrl":"http:\/\/anemontrekking.com:81\/wp-content\/uploads\/2021\/03\/1976993_10152083009674652_120553194_n.jpg"},{"@type":"BreadcrumbList","@id":"https:\/\/anemontrekking.com\/?p=125#breadcrumb","itemListElement":[{"@type":"ListItem","position":1,"name":"Anasayfa","item":"https:\/\/anemontrekking.com\/"},{"@type":"ListItem","position":2,"name":"2 MART 2014 ANEMON TREKK\u0130NG \u0130\u00c7\u0130N B\u0130R M\u0130LAD"}]},{"@type":"WebSite","@id":"https:\/\/anemontrekking.com\/#website","url":"https:\/\/anemontrekking.com\/","name":"Anemon Trekking Spor Kulub\u00fc","description":"Da\u011fc\u0131l\u0131k, Trekking,Kamp\u00e7\u0131l\u0131k ve Do\u011fa Sporlar\u0131","publisher":{"@id":"https:\/\/anemontrekking.com\/#organization"},"potentialAction":[{"@type":"SearchAction","target":{"@type":"EntryPoint","urlTemplate":"https:\/\/anemontrekking.com\/?s={search_term_string}"},"query-input":{"@type":"PropertyValueSpecification","valueRequired":true,"valueName":"search_term_string"}}],"inLanguage":"tr"},{"@type":"Organization","@id":"https:\/\/anemontrekking.com\/#organization","name":"Anemon Trekking Spor Kulub\u00fc","url":"https:\/\/anemontrekking.com\/","logo":{"@type":"ImageObject","inLanguage":"tr","@id":"https:\/\/anemontrekking.com\/#\/schema\/logo\/image\/","url":"http:\/\/anemontrekking.com\/wp-content\/uploads\/2021\/02\/47292421_10156386216874652_1517111611498692608_n.jpg","contentUrl":"http:\/\/anemontrekking.com\/wp-content\/uploads\/2021\/02\/47292421_10156386216874652_1517111611498692608_n.jpg","width":960,"height":906,"caption":"Anemon Trekking Spor Kulub\u00fc"},"image":{"@id":"https:\/\/anemontrekking.com\/#\/schema\/logo\/image\/"},"sameAs":["https:\/\/facebook.com\/anemontreking","https:\/\/x.com\/anemon_trekking","https:\/\/www.instagram.com\/anemontreking\/"]},{"@type":"Person","@id":"https:\/\/anemontrekking.com\/#\/schema\/person\/4d11ecf3a35936712ecb649f5c811172","name":"yavuz","description":"2014 y\u0131l\u0131ndan beri Anemon Trekking Spor Kul\u00fcb\u00fcn\u00fcn faaliyetlerini organize ediyorum. Rota \u00e7izip da\u011flarda y\u00fcr\u00fcyorum. Da\u011fc\u0131l\u0131k ve do\u011fa sporlar\u0131na merak\u0131n\u0131z varsa faaliyetlerimize kat\u0131labilirsiniz.","sameAs":["http:\/\/anemontrekking.com"],"url":"https:\/\/anemontrekking.com\/?author=1"}]}},"_links":{"self":[{"href":"https:\/\/anemontrekking.com\/index.php?rest_route=\/wp\/v2\/posts\/125","targetHints":{"allow":["GET"]}}],"collection":[{"href":"https:\/\/anemontrekking.com\/index.php?rest_route=\/wp\/v2\/posts"}],"about":[{"href":"https:\/\/anemontrekking.com\/index.php?rest_route=\/wp\/v2\/types\/post"}],"author":[{"embeddable":true,"href":"https:\/\/anemontrekking.com\/index.php?rest_route=\/wp\/v2\/users\/1"}],"replies":[{"embeddable":true,"href":"https:\/\/anemontrekking.com\/index.php?rest_route=%2Fwp%2Fv2%2Fcomments&post=125"}],"version-history":[{"count":2,"href":"https:\/\/anemontrekking.com\/index.php?rest_route=\/wp\/v2\/posts\/125\/revisions"}],"predecessor-version":[{"id":130,"href":"https:\/\/anemontrekking.com\/index.php?rest_route=\/wp\/v2\/posts\/125\/revisions\/130"}],"wp:attachment":[{"href":"https:\/\/anemontrekking.com\/index.php?rest_route=%2Fwp%2Fv2%2Fmedia&parent=125"}],"wp:term":[{"taxonomy":"category","embeddable":true,"href":"https:\/\/anemontrekking.com\/index.php?rest_route=%2Fwp%2Fv2%2Fcategories&post=125"},{"taxonomy":"post_tag","embeddable":true,"href":"https:\/\/anemontrekking.com\/index.php?rest_route=%2Fwp%2Fv2%2Ftags&post=125"}],"curies":[{"name":"wp","href":"https:\/\/api.w.org\/{rel}","templated":true}]}}